{"id":1465,"date":"2021-03-09T20:55:13","date_gmt":"2021-03-09T18:55:13","guid":{"rendered":"https:\/\/www.elsaregal.com\/?p=1465"},"modified":"2021-03-10T19:36:43","modified_gmt":"2021-03-10T17:36:43","slug":"salut-oral-i-embaras","status":"publish","type":"post","link":"https:\/\/www.elsaregal.com\/ca\/2021\/03\/09\/salut-oral-i-embaras\/","title":{"rendered":"Salut oral i embar\u00e0s"},"content":{"rendered":"<h4>CONDICIONS FISIOL\u00d2GIQUES EN L&#8217;EMBAR\u00c0S<\/h4>\n<p>Les n\u00e0usees i els v\u00f2mits s\u00f3n molt comuns durant l&#8217;embar\u00e0s, normalment limitats al primer trimestre, i en algun cas pot provocar una important erosi\u00f3 de l&#8217;esmalt dentari. Els canvis en la composici\u00f3 de la saliva durant el final de l&#8217;embar\u00e0s i la lact\u00e0ncia poden predisposar temporalment a l&#8217;erosi\u00f3 i a la c\u00e0ries dental.<br \/>\nLa disminuci\u00f3 de la quantitat de saliva \u00e9s un altre canvi que pot apar\u00e8ixer durant l&#8217;embar\u00e0s, sent la principal causa els canvis hormonals aix\u00ed com determinada medicaci\u00f3. La gingivitis en l&#8217;embar\u00e0s \u00e9s bastant freq\u00fcent, ocorre generalment entre el tercer i el vuit\u00e8 mes i sol desapar\u00e8ixer despr\u00e9s del part. Si b\u00e9 \u00e9s deguda a una acumulaci\u00f3 de placa bacteriana, els canvis vasculars i hormonals que acompanyen l&#8217;embar\u00e0s, sovint exageren la resposta inflamat\u00f2ria a aquests irritants locals. Es caracteritza per una geniva enrogida, inflamada i sagnant. Localitzada en una zona amb gingivitis pot apar\u00e8ixer una tumoraci\u00f3 benigna anomenada &#8220;granuloma de l&#8217;embar\u00e0s&#8221;. Creix r\u00e0pidament i sol desapar\u00e8ixer despr\u00e9s del part.<\/p>\n<h4>MALALTIA PERIODONTAL I EMBAR\u00c0S<\/h4>\n<p>Si es t\u00e9 en compte l&#8217;augment de la vascularitzaci\u00f3 \u00e9s f\u00e0cil entendre que una infecci\u00f3 gingival o periodontal t\u00e9 m\u00e9s riscos de disseminar-se i produir septic\u00e8mies durant l&#8217;embar\u00e0s. El tractament i manteniment periodontal durant l&#8217;embar\u00e0s \u00e9s efectiu i recomanable.<\/p>\n<h4>LA TRANSMISSI\u00d3 DE BACTERIS CARIOG\u00c8NICS<\/h4>\n<p>Els bacteris orals causants de la c\u00e0ries dental s\u00f3n transmesos de mare a fill a trav\u00e9s d&#8217;h\u00e0bits en els quals interv\u00e9 la saliva: provar el menjar amb la mateixa cullera, xuclar el biber\u00f3 o el xup\u00f3.<br \/>\nEl control de les malalties orals en la dona embarassada redueix la transmissi\u00f3 bacteriana des de la mare cap al nad\u00f3. El primer pas ser\u00e0 el tractament restaurador de les lesions de c\u00e0ries en la mare. La ter\u00e0pia antis\u00e8ptica i el tractament amb fluorur seran essencials per reduir la severitat d&#8217;aquesta transmissi\u00f3 bacteriana.<\/p>\n<h4>LA PREVENCI\u00d3<\/h4>\n<p>La prevenci\u00f3 de la c\u00e0ries i gingivitis per aconseguir una boca sana \u00e9s l&#8217;objectiu m\u00e9s important en l&#8217;embar\u00e0s. Aix\u00f2 s&#8217;aconsegueix amb profilaxi professional que incloga remoci\u00f3 de tosca (<em>sarro<\/em>) supra i subgingival i amb cures per controlar el biofilm com un bon raspallat, passar la seda dental i col\u00b7lutoris de fluorur i agents antis\u00e8ptics.<\/p>\n<h4>EL DIAGN\u00d2STIC RADIOL\u00d2GIC<\/h4>\n<p>La radiologia \u00e9s una important ajuda per al tractament dental i \u00e9s considerada segura en la dona embarassada sempre que es prenguen les precaucions adequades de protecci\u00f3<br \/>\nradiol\u00f2gica. Els organismes internacionals no recomanen modificar la manera d&#8217;\u00fas de l&#8217;exploraci\u00f3 radiol\u00f2gica dental a l&#8217;embarassada.<br \/>\nLa nostra cl\u00ednica est\u00e0 equipada amb aparells digitals, molt recomanable al reduir la radiaci\u00f3 necess\u00e0ria per obtenir una imatge diagn\u00f2stica. Tot i aix\u00f2 considerem que les radiografies no s\u00f3n proves diagn\u00f2stiques tan imprescindibles i som partid\u00e0ries d&#8217;esperar a despr\u00e9s del part per realitzar aquestes proves.<\/p>\n","protected":false},"excerpt":{"rendered":"<p>CONDICIONS FISIOL\u00d2GIQUES EN L&#8217;EMBAR\u00c0S Les n\u00e0usees i els v\u00f2mits s\u00f3n molt comuns durant l&#8217;embar\u00e0s, normalment limitats al primer trimestre, i en algun cas pot provocar una important erosi\u00f3 de l&#8217;esmalt dentari. Els canvis en la composici\u00f3 de la saliva durant el final de l&#8217;embar\u00e0s i la lact\u00e0ncia poden predisposar temporalment a l&#8217;erosi\u00f3 i a la [&hellip;]<\/p>\n","protected":false},"author":1,"featured_media":1447,"comment_status":"closed","ping_status":"closed","sticky":false,"template":"","format":"image","meta":{"footnotes":""},"categories":[96],"tags":[],"class_list":["post-1465","post","type-post","status-publish","format-image","has-post-thumbnail","hentry","category-bloc","post_format-post-format-image"],"_links":{"self":[{"href":"https:\/\/www.elsaregal.com\/ca\/wp-json\/wp\/v2\/posts\/1465","targetHints":{"allow":["GET"]}}],"collection":[{"href":"https:\/\/www.elsaregal.com\/ca\/wp-json\/wp\/v2\/posts"}],"about":[{"href":"https:\/\/www.elsaregal.com\/ca\/wp-json\/wp\/v2\/types\/post"}],"author":[{"embeddable":true,"href":"https:\/\/www.elsaregal.com\/ca\/wp-json\/wp\/v2\/users\/1"}],"replies":[{"embeddable":true,"href":"https:\/\/www.elsaregal.com\/ca\/wp-json\/wp\/v2\/comments?post=1465"}],"version-history":[{"count":4,"href":"https:\/\/www.elsaregal.com\/ca\/wp-json\/wp\/v2\/posts\/1465\/revisions"}],"predecessor-version":[{"id":1472,"href":"https:\/\/www.elsaregal.com\/ca\/wp-json\/wp\/v2\/posts\/1465\/revisions\/1472"}],"wp:featuredmedia":[{"embeddable":true,"href":"https:\/\/www.elsaregal.com\/ca\/wp-json\/wp\/v2\/media\/1447"}],"wp:attachment":[{"href":"https:\/\/www.elsaregal.com\/ca\/wp-json\/wp\/v2\/media?parent=1465"}],"wp:term":[{"taxonomy":"category","embeddable":true,"href":"https:\/\/www.elsaregal.com\/ca\/wp-json\/wp\/v2\/categories?post=1465"},{"taxonomy":"post_tag","embeddable":true,"href":"https:\/\/www.elsaregal.com\/ca\/wp-json\/wp\/v2\/tags?post=1465"}],"curies":[{"name":"wp","href":"https:\/\/api.w.org\/{rel}","templated":true}]}}